{"id":9,"date":"2006-11-03T17:42:29","date_gmt":"2006-11-03T16:42:29","guid":{"rendered":"http:\/\/pennervz.de\/blog\/2006\/11\/03\/endlich-penner\/"},"modified":"2006-11-18T18:06:49","modified_gmt":"2006-11-18T17:06:49","slug":"endlich-penner","status":"publish","type":"post","link":"https:\/\/pennr.de\/blog\/2006\/11\/03\/endlich-penner\/","title":{"rendered":"Endlich Penner!"},"content":{"rendered":"<p><span style=\"font-style: italic; font-weight: bold\">&#8220;Endlich Penner!<br \/>\nVom Manager zum Obdachlosen in 1 Woche&#8221;<\/span><br style=\"font-style: italic; font-weight: bold\" \/><span style=\"font-style: italic; font-weight: bold\" \/><\/p>\n<p>Hallo ihr Lieben,<\/p>\n<p>nachdem ich in den letzten Tagen immer wieder gefragt wurde, ob das ganze hier wahr oder echt sei, m\u00f6chte ich euch mein Buch, welches ich eben mit einem Werbekulli auf den R\u00e4ndern meiner alten Tageszeitungen verfasse, ans Herz legen. Es ist meine Lebens-, Liebes- und Leidensgeschichte, und ich hoffe, dass sie euch neben dem Schmunzeln auch zum Nachdenken anregen wird.<\/p>\n<p>Vieles, aber nicht alles in meinem Leben ist anders gelaufen, als es sich meine Eltern f\u00fcr mich erw\u00fcnscht h\u00e4tten. Ich hatte eine gl\u00fcckliche Kindheit, mich liebende Eltern, eine erf\u00fcllte Jugend, eine <a href=\"http:\/\/pennervz.de\/blog\/2006\/10\/29\/moin-und-herzlich-willkommen\/\">gro\u00dfartige Familie<\/a> und einen mich erf\u00fcllenden Beruf. Doch dann kam auch schon der Abstieg &#8211; und gewaltig schnell. In meinem Buch erz\u00e4hle ich euch Anekdoten meines Lebens aus der Perspektive der Passanten und es gibt einiges zum Schmunzeln, aber auch zum Schweigen und Nachdenken.<\/p>\n<p>Ich sage euch bescheid, wenn es soweit ist. Vielleicht finde ich ja bis dahin auch einen freundlichen Verleger f\u00fcr mein Buch?<\/p>\n<p>So, ich muss los, noch etwas zu Essen suchen, wei\u00df noch nicht, ob das Geld von heute f\u00fcr ein Wei\u00dfbrot und eine Trockensalami reicht, und die Leute geben auch nicht mehr so gerne. Verst\u00e4ndlich, bei der <em>prek\u00e4ren<\/em> Situation in Deutschland.<\/p>\n<p>Euer Rudi<\/p>\n","protected":false},"excerpt":{"rendered":"<p>&#8220;Endlich Penner! Vom Manager zum Obdachlosen in 1 Woche&#8221; Hallo ihr Lieben, nachdem ich in den letzten Tagen immer wieder gefragt wurde, ob das ganze hier wahr oder echt sei, m\u00f6chte ich euch mein Buch, welches ich eben mit einem Werbekulli auf den R\u00e4ndern meiner alten Tageszeitungen verfasse, ans Herz legen. Es ist meine Lebens-, [&hellip;]<\/p>\n","protected":false},"author":2,"featured_media":0,"comment_status":"open","ping_status":"open","sticky":false,"template":"","format":"standard","meta":{"footnotes":""},"categories":[10,2,5,3,4],"tags":[],"class_list":["post-9","post","type-post","status-publish","format-standard","hentry","category-endlich-penner","category-pennervz","category-prekariat","category-rudis-erlebnisse","category-unterschicht"],"_links":{"self":[{"href":"https:\/\/pennr.de\/blog\/wp-json\/wp\/v2\/posts\/9","targetHints":{"allow":["GET"]}}],"collection":[{"href":"https:\/\/pennr.de\/blog\/wp-json\/wp\/v2\/posts"}],"about":[{"href":"https:\/\/pennr.de\/blog\/wp-json\/wp\/v2\/types\/post"}],"author":[{"embeddable":true,"href":"https:\/\/pennr.de\/blog\/wp-json\/wp\/v2\/users\/2"}],"replies":[{"embeddable":true,"href":"https:\/\/pennr.de\/blog\/wp-json\/wp\/v2\/comments?post=9"}],"version-history":[{"count":0,"href":"https:\/\/pennr.de\/blog\/wp-json\/wp\/v2\/posts\/9\/revisions"}],"wp:attachment":[{"href":"https:\/\/pennr.de\/blog\/wp-json\/wp\/v2\/media?parent=9"}],"wp:term":[{"taxonomy":"category","embeddable":true,"href":"https:\/\/pennr.de\/blog\/wp-json\/wp\/v2\/categories?post=9"},{"taxonomy":"post_tag","embeddable":true,"href":"https:\/\/pennr.de\/blog\/wp-json\/wp\/v2\/tags?post=9"}],"curies":[{"name":"wp","href":"https:\/\/api.w.org\/{rel}","templated":true}]}}