{"id":4,"date":"2006-11-01T15:46:12","date_gmt":"2006-11-01T14:46:12","guid":{"rendered":"http:\/\/pennervz.de\/blog\/2006\/11\/01\/ubernahmegeruchte-jetzt-greift-frau-merkel-ein\/"},"modified":"2006-11-01T18:14:58","modified_gmt":"2006-11-01T17:14:58","slug":"ubernahmegeruchte-jetzt-greift-frau-merkel-ein","status":"publish","type":"post","link":"https:\/\/pennr.de\/blog\/2006\/11\/01\/ubernahmegeruchte-jetzt-greift-frau-merkel-ein\/","title":{"rendered":"\u00dcbernahmeger\u00fcchte! Jetzt greift Frau Merkel ein!"},"content":{"rendered":"<p>Wie ich eben auf einem anderen <a target=\"_blank\" href=\"http:\/\/blogdoch.net\/index.php?entry=entry061031-154751\">Blog<\/a> erfahren musste, f\u00fchre ich Verhandlungen mit der Bundesregierung. Und dabei wollte ich mich aus der Politik heraushalten&#8230;<!--more--><br \/>\nDas <a title=\"Ministerium f\u00fcr Arbeit, Soziales, Familie und Gesundheit\" target=\"_blank\" href=\"http:\/\/www.masfg.rlp.de\/\">Bundesministerium f\u00fcr Arbeitslosigkeit<\/a> ist daran interessiert, das PennerVZ zu \u00fcbernehmen&#8230; Eine gute Nachricht! Der Kaufpreis betr\u00e4gt 1,6 Milliarden Dollar, also ein Klacks.<br \/>\nWor\u00fcber heute die ganze Welt bereits diskutiert und ich morgen schon schreibe:<\/p>\n<p>Man munkelt, die gesch\u00e4tzte Bundeskanzlerin h\u00f6chstpers\u00f6nlich \u00fcberlege, Schirmherrin des &#8220;<a href=\"http:\/\/pennervz.de\/blog\/2006\/10\/31\/tag-der-armut-20\/\">Tag der Armut 2.0<\/a>&#8221; zu werden.<br \/>\nVielleicht kann Sie mit meiner Unterst\u00fctzung endlich das Problem der Armut in Luft aufl\u00f6sen.<br \/>\nIch halte euch auf dem Laufenden,<\/p>\n<p>Euer Rudi<\/p>\n","protected":false},"excerpt":{"rendered":"<p>Wie ich eben auf einem anderen Blog erfahren musste, f\u00fchre ich Verhandlungen mit der Bundesregierung. Und dabei wollte ich mich aus der Politik heraushalten&#8230;<\/p>\n","protected":false},"author":2,"featured_media":0,"comment_status":"open","ping_status":"open","sticky":false,"template":"","format":"standard","meta":{"footnotes":""},"categories":[8,7,2,6],"tags":[],"class_list":["post-4","post","type-post","status-publish","format-standard","hentry","category-bundesregierung","category-merkel","category-pennervz","category-tag-der-armut-20"],"_links":{"self":[{"href":"https:\/\/pennr.de\/blog\/wp-json\/wp\/v2\/posts\/4","targetHints":{"allow":["GET"]}}],"collection":[{"href":"https:\/\/pennr.de\/blog\/wp-json\/wp\/v2\/posts"}],"about":[{"href":"https:\/\/pennr.de\/blog\/wp-json\/wp\/v2\/types\/post"}],"author":[{"embeddable":true,"href":"https:\/\/pennr.de\/blog\/wp-json\/wp\/v2\/users\/2"}],"replies":[{"embeddable":true,"href":"https:\/\/pennr.de\/blog\/wp-json\/wp\/v2\/comments?post=4"}],"version-history":[{"count":0,"href":"https:\/\/pennr.de\/blog\/wp-json\/wp\/v2\/posts\/4\/revisions"}],"wp:attachment":[{"href":"https:\/\/pennr.de\/blog\/wp-json\/wp\/v2\/media?parent=4"}],"wp:term":[{"taxonomy":"category","embeddable":true,"href":"https:\/\/pennr.de\/blog\/wp-json\/wp\/v2\/categories?post=4"},{"taxonomy":"post_tag","embeddable":true,"href":"https:\/\/pennr.de\/blog\/wp-json\/wp\/v2\/tags?post=4"}],"curies":[{"name":"wp","href":"https:\/\/api.w.org\/{rel}","templated":true}]}}